{"id":861,"date":"2017-02-26T10:05:50","date_gmt":"2017-02-26T09:05:50","guid":{"rendered":"http:\/\/cuadernosvioletas.cjex.org\/?p=861"},"modified":"2017-02-27T19:34:11","modified_gmt":"2017-02-27T18:34:11","slug":"no-260","status":"publish","type":"post","link":"https:\/\/cuadernosvioletas.cjex.org\/index.php\/2017\/02\/26\/no-260\/","title":{"rendered":"N\u00ba 260"},"content":{"rendered":"<p><!-- @page { margin: 2cm } P { margin-bottom: 0.21cm } --><\/p>\n<p align=\"LEFT\"><span lang=\"es-ES\">Por redes sociales, vi que a una amiga su novio le dec\u00eda que no se pusiera cosas cortas porque no quiere que ligue, que no se pintara los labios rojos, que se maquille poquito, que no salga de fiesta a no ser que vaya con \u00e9l, y ella apenas sale de casa aunque ella dice que no es por \u00e9l, hasta el d\u00eda que reviente y salga todo y se acabe. <\/span><\/p>\n<p align=\"LEFT\"><strong><span lang=\"es-ES\">17 a\u00f1os<\/span><\/strong><\/p>\n","protected":false},"excerpt":{"rendered":"<p>Por redes sociales, vi que a una amiga su novio le dec\u00eda que no se pusiera cosas cortas porque no quiere que ligue, que no se pintara los labios rojos, que se maquille poquito, que no salga de fiesta a no ser que vaya con \u00e9l, y ella apenas sale de casa aunque ella dice [&hellip;]<\/p>\n","protected":false},"author":3,"featured_media":0,"comment_status":"open","ping_status":"closed","sticky":false,"template":"","format":"standard","meta":{"footnotes":""},"categories":[4],"tags":[59,61,36,58,94],"class_list":{"0":"post-861","1":"post","2":"type-post","3":"status-publish","4":"format-standard","6":"category-testimonios","7":"tag-59","8":"tag-control","9":"tag-fiesta","10":"tag-pareja","11":"tag-redes-sociales","12":"entry"},"yoast_head":"<!-- This site is optimized with the Yoast SEO plugin v27.4 - https:\/\/yoast.com\/product\/yoast-seo-wordpress\/ -->\n<title>N\u00ba 260 - Cuadernos Violetas<\/title>\n<meta name=\"description\" content=\"La iniciativa \u201cCuadernos Violetas\u201d la pone en marcha el Grupo de Trabajo Mujer Joven, del Consejo de la Juventud de Extremadura, tras darse cuenta de la falta de visibilidad que toman distintos tipos de violencia contra la mujer.\" \/>\n<meta name=\"robots\" content=\"index, follow, max-snippet:-1, max-image-preview:large, max-video-preview:-1\" \/>\n<link rel=\"canonical\" href=\"https:\/\/cuadernosvioletas.cjex.org\/index.php\/2017\/02\/26\/no-260\/\" \/>\n<meta property=\"og:locale\" content=\"es_ES\" \/>\n<meta property=\"og:type\" content=\"article\" \/>\n<meta property=\"og:title\" content=\"N\u00ba 260 - Cuadernos Violetas\" \/>\n<meta property=\"og:description\" content=\"La iniciativa \u201cCuadernos Violetas\u201d la pone en marcha el Grupo de Trabajo Mujer Joven, del Consejo de la Juventud de Extremadura, tras darse cuenta de la falta de visibilidad que toman distintos tipos de violencia contra la mujer.\" \/>\n<meta property=\"og:url\" content=\"https:\/\/cuadernosvioletas.cjex.org\/index.php\/2017\/02\/26\/no-260\/\" \/>\n<meta property=\"og:site_name\" content=\"Cuadernos Violetas\" \/>\n<meta property=\"article:publisher\" content=\"https:\/\/www.facebook.com\/consejo.juventudextremadura\" \/>\n<meta property=\"article:published_time\" content=\"2017-02-26T09:05:50+00:00\" \/>\n<meta property=\"article:modified_time\" content=\"2017-02-27T18:34:11+00:00\" \/>\n<meta name=\"author\" content=\"CJEx.\" \/>\n<meta name=\"twitter:card\" content=\"summary_large_image\" \/>\n<meta name=\"twitter:creator\" content=\"@_cjex_\" \/>\n<meta name=\"twitter:site\" content=\"@_cjex_\" \/>\n<meta name=\"twitter:label1\" content=\"Escrito por\" \/>\n\t<meta name=\"twitter:data1\" content=\"CJEx.\" \/>\n<script type=\"application\/ld+json\" class=\"yoast-schema-graph\">{\"@context\":\"https:\\\/\\\/schema.org\",\"@graph\":[{\"@type\":\"Article\",\"@id\":\"https:\\\/\\\/cuadernosvioletas.cjex.org\\\/index.php\\\/2017\\\/02\\\/26\\\/no-260\\\/#article\",\"isPartOf\":{\"@id\":\"https:\\\/\\\/cuadernosvioletas.cjex.org\\\/index.php\\\/2017\\\/02\\\/26\\\/no-260\\\/\"},\"author\":{\"name\":\"CJEx.\",\"@id\":\"https:\\\/\\\/cuadernosvioletas.cjex.org\\\/#\\\/schema\\\/person\\\/e071e1a06c8ea8d4a5461748eefe6e93\"},\"headline\":\"N\u00ba 260\",\"datePublished\":\"2017-02-26T09:05:50+00:00\",\"dateModified\":\"2017-02-27T18:34:11+00:00\",\"mainEntityOfPage\":{\"@id\":\"https:\\\/\\\/cuadernosvioletas.cjex.org\\\/index.php\\\/2017\\\/02\\\/26\\\/no-260\\\/\"},\"wordCount\":76,\"commentCount\":0,\"publisher\":{\"@id\":\"https:\\\/\\\/cuadernosvioletas.cjex.org\\\/#organization\"},\"keywords\":[\"17\",\"control\",\"fiesta\",\"pareja\",\"redes sociales\"],\"articleSection\":[\"Testimonios\"],\"inLanguage\":\"es\",\"potentialAction\":[{\"@type\":\"CommentAction\",\"name\":\"Comment\",\"target\":[\"https:\\\/\\\/cuadernosvioletas.cjex.org\\\/index.php\\\/2017\\\/02\\\/26\\\/no-260\\\/#respond\"]}]},{\"@type\":\"WebPage\",\"@id\":\"https:\\\/\\\/cuadernosvioletas.cjex.org\\\/index.php\\\/2017\\\/02\\\/26\\\/no-260\\\/\",\"url\":\"https:\\\/\\\/cuadernosvioletas.cjex.org\\\/index.php\\\/2017\\\/02\\\/26\\\/no-260\\\/\",\"name\":\"N\u00ba 260 - Cuadernos Violetas\",\"isPartOf\":{\"@id\":\"https:\\\/\\\/cuadernosvioletas.cjex.org\\\/#website\"},\"datePublished\":\"2017-02-26T09:05:50+00:00\",\"dateModified\":\"2017-02-27T18:34:11+00:00\",\"description\":\"La iniciativa \u201cCuadernos Violetas\u201d la pone en marcha el Grupo de Trabajo Mujer Joven, del Consejo de la Juventud de Extremadura, tras darse cuenta de la falta de visibilidad que toman distintos tipos de violencia contra la mujer.\",\"breadcrumb\":{\"@id\":\"https:\\\/\\\/cuadernosvioletas.cjex.org\\\/index.php\\\/2017\\\/02\\\/26\\\/no-260\\\/#breadcrumb\"},\"inLanguage\":\"es\",\"potentialAction\":[{\"@type\":\"ReadAction\",\"target\":[\"https:\\\/\\\/cuadernosvioletas.cjex.org\\\/index.php\\\/2017\\\/02\\\/26\\\/no-260\\\/\"]}]},{\"@type\":\"BreadcrumbList\",\"@id\":\"https:\\\/\\\/cuadernosvioletas.cjex.org\\\/index.php\\\/2017\\\/02\\\/26\\\/no-260\\\/#breadcrumb\",\"itemListElement\":[{\"@type\":\"ListItem\",\"position\":1,\"name\":\"Portada\",\"item\":\"https:\\\/\\\/cuadernosvioletas.cjex.org\\\/\"},{\"@type\":\"ListItem\",\"position\":2,\"name\":\"N\u00ba 260\"}]},{\"@type\":\"WebSite\",\"@id\":\"https:\\\/\\\/cuadernosvioletas.cjex.org\\\/#website\",\"url\":\"https:\\\/\\\/cuadernosvioletas.cjex.org\\\/\",\"name\":\"Cuadernos Violetas\",\"description\":\"El Grupo de Trabajo Mujer Joven del Consejo de la Juventud de Extremadura inicia el 8 de marzo, con motivo del D\u00eda Internacional de la Mujer, una campa\u00f1a para visibilizar las formas ocultas de violencia sobre la mujer. El proyecto culminar\u00e1 el 25 de noviembre, D\u00eda Internacional contra la violencia de g\u00e9nero. El proyecto consiste en recopilar en unas libretas espec\u00edficas aquellas circunstancias de acoso o de fases incipientes de violencia de g\u00e9nero sufridas por las extreme\u00f1as.\",\"publisher\":{\"@id\":\"https:\\\/\\\/cuadernosvioletas.cjex.org\\\/#organization\"},\"potentialAction\":[{\"@type\":\"SearchAction\",\"target\":{\"@type\":\"EntryPoint\",\"urlTemplate\":\"https:\\\/\\\/cuadernosvioletas.cjex.org\\\/?s={search_term_string}\"},\"query-input\":{\"@type\":\"PropertyValueSpecification\",\"valueRequired\":true,\"valueName\":\"search_term_string\"}}],\"inLanguage\":\"es\"},{\"@type\":\"Organization\",\"@id\":\"https:\\\/\\\/cuadernosvioletas.cjex.org\\\/#organization\",\"name\":\"Consejo de la Juventud de Extremadura - CJEx\",\"url\":\"https:\\\/\\\/cuadernosvioletas.cjex.org\\\/\",\"logo\":{\"@type\":\"ImageObject\",\"inLanguage\":\"es\",\"@id\":\"https:\\\/\\\/cuadernosvioletas.cjex.org\\\/#\\\/schema\\\/logo\\\/image\\\/\",\"url\":\"https:\\\/\\\/cuadernosvioletas.cjex.org\\\/wp-content\\\/uploads\\\/2016\\\/10\\\/logo-cjex-300x250.png\",\"contentUrl\":\"https:\\\/\\\/cuadernosvioletas.cjex.org\\\/wp-content\\\/uploads\\\/2016\\\/10\\\/logo-cjex-300x250.png\",\"width\":300,\"height\":265,\"caption\":\"Consejo de la Juventud de Extremadura - CJEx\"},\"image\":{\"@id\":\"https:\\\/\\\/cuadernosvioletas.cjex.org\\\/#\\\/schema\\\/logo\\\/image\\\/\"},\"sameAs\":[\"https:\\\/\\\/www.facebook.com\\\/consejo.juventudextremadura\",\"https:\\\/\\\/x.com\\\/_cjex_\",\"https:\\\/\\\/www.instagram.com\\\/_cjex_\\\/\",\"https:\\\/\\\/www.youtube.com\\\/channel\\\/UCwr3bP9ZbduuRLL8EftcWwA\"]},{\"@type\":\"Person\",\"@id\":\"https:\\\/\\\/cuadernosvioletas.cjex.org\\\/#\\\/schema\\\/person\\\/e071e1a06c8ea8d4a5461748eefe6e93\",\"name\":\"CJEx.\",\"image\":{\"@type\":\"ImageObject\",\"inLanguage\":\"es\",\"@id\":\"https:\\\/\\\/secure.gravatar.com\\\/avatar\\\/5a7e7d3c02bbd63a22b49798561a1b430531f379186547102f0325dd3f7c526c?s=96&d=mm&r=g\",\"url\":\"https:\\\/\\\/secure.gravatar.com\\\/avatar\\\/5a7e7d3c02bbd63a22b49798561a1b430531f379186547102f0325dd3f7c526c?s=96&d=mm&r=g\",\"contentUrl\":\"https:\\\/\\\/secure.gravatar.com\\\/avatar\\\/5a7e7d3c02bbd63a22b49798561a1b430531f379186547102f0325dd3f7c526c?s=96&d=mm&r=g\",\"caption\":\"CJEx.\"}}]}<\/script>\n<!-- \/ Yoast SEO plugin. -->","yoast_head_json":{"title":"N\u00ba 260 - Cuadernos Violetas","description":"La iniciativa \u201cCuadernos Violetas\u201d la pone en marcha el Grupo de Trabajo Mujer Joven, del Consejo de la Juventud de Extremadura, tras darse cuenta de la falta de visibilidad que toman distintos tipos de violencia contra la mujer.","robots":{"index":"index","follow":"follow","max-snippet":"max-snippet:-1","max-image-preview":"max-image-preview:large","max-video-preview":"max-video-preview:-1"},"canonical":"https:\/\/cuadernosvioletas.cjex.org\/index.php\/2017\/02\/26\/no-260\/","og_locale":"es_ES","og_type":"article","og_title":"N\u00ba 260 - Cuadernos Violetas","og_description":"La iniciativa \u201cCuadernos Violetas\u201d la pone en marcha el Grupo de Trabajo Mujer Joven, del Consejo de la Juventud de Extremadura, tras darse cuenta de la falta de visibilidad que toman distintos tipos de violencia contra la mujer.","og_url":"https:\/\/cuadernosvioletas.cjex.org\/index.php\/2017\/02\/26\/no-260\/","og_site_name":"Cuadernos Violetas","article_publisher":"https:\/\/www.facebook.com\/consejo.juventudextremadura","article_published_time":"2017-02-26T09:05:50+00:00","article_modified_time":"2017-02-27T18:34:11+00:00","author":"CJEx.","twitter_card":"summary_large_image","twitter_creator":"@_cjex_","twitter_site":"@_cjex_","twitter_misc":{"Escrito por":"CJEx."},"schema":{"@context":"https:\/\/schema.org","@graph":[{"@type":"Article","@id":"https:\/\/cuadernosvioletas.cjex.org\/index.php\/2017\/02\/26\/no-260\/#article","isPartOf":{"@id":"https:\/\/cuadernosvioletas.cjex.org\/index.php\/2017\/02\/26\/no-260\/"},"author":{"name":"CJEx.","@id":"https:\/\/cuadernosvioletas.cjex.org\/#\/schema\/person\/e071e1a06c8ea8d4a5461748eefe6e93"},"headline":"N\u00ba 260","datePublished":"2017-02-26T09:05:50+00:00","dateModified":"2017-02-27T18:34:11+00:00","mainEntityOfPage":{"@id":"https:\/\/cuadernosvioletas.cjex.org\/index.php\/2017\/02\/26\/no-260\/"},"wordCount":76,"commentCount":0,"publisher":{"@id":"https:\/\/cuadernosvioletas.cjex.org\/#organization"},"keywords":["17","control","fiesta","pareja","redes sociales"],"articleSection":["Testimonios"],"inLanguage":"es","potentialAction":[{"@type":"CommentAction","name":"Comment","target":["https:\/\/cuadernosvioletas.cjex.org\/index.php\/2017\/02\/26\/no-260\/#respond"]}]},{"@type":"WebPage","@id":"https:\/\/cuadernosvioletas.cjex.org\/index.php\/2017\/02\/26\/no-260\/","url":"https:\/\/cuadernosvioletas.cjex.org\/index.php\/2017\/02\/26\/no-260\/","name":"N\u00ba 260 - Cuadernos Violetas","isPartOf":{"@id":"https:\/\/cuadernosvioletas.cjex.org\/#website"},"datePublished":"2017-02-26T09:05:50+00:00","dateModified":"2017-02-27T18:34:11+00:00","description":"La iniciativa \u201cCuadernos Violetas\u201d la pone en marcha el Grupo de Trabajo Mujer Joven, del Consejo de la Juventud de Extremadura, tras darse cuenta de la falta de visibilidad que toman distintos tipos de violencia contra la mujer.","breadcrumb":{"@id":"https:\/\/cuadernosvioletas.cjex.org\/index.php\/2017\/02\/26\/no-260\/#breadcrumb"},"inLanguage":"es","potentialAction":[{"@type":"ReadAction","target":["https:\/\/cuadernosvioletas.cjex.org\/index.php\/2017\/02\/26\/no-260\/"]}]},{"@type":"BreadcrumbList","@id":"https:\/\/cuadernosvioletas.cjex.org\/index.php\/2017\/02\/26\/no-260\/#breadcrumb","itemListElement":[{"@type":"ListItem","position":1,"name":"Portada","item":"https:\/\/cuadernosvioletas.cjex.org\/"},{"@type":"ListItem","position":2,"name":"N\u00ba 260"}]},{"@type":"WebSite","@id":"https:\/\/cuadernosvioletas.cjex.org\/#website","url":"https:\/\/cuadernosvioletas.cjex.org\/","name":"Cuadernos Violetas","description":"El Grupo de Trabajo Mujer Joven del Consejo de la Juventud de Extremadura inicia el 8 de marzo, con motivo del D\u00eda Internacional de la Mujer, una campa\u00f1a para visibilizar las formas ocultas de violencia sobre la mujer. El proyecto culminar\u00e1 el 25 de noviembre, D\u00eda Internacional contra la violencia de g\u00e9nero. El proyecto consiste en recopilar en unas libretas espec\u00edficas aquellas circunstancias de acoso o de fases incipientes de violencia de g\u00e9nero sufridas por las extreme\u00f1as.","publisher":{"@id":"https:\/\/cuadernosvioletas.cjex.org\/#organization"},"potentialAction":[{"@type":"SearchAction","target":{"@type":"EntryPoint","urlTemplate":"https:\/\/cuadernosvioletas.cjex.org\/?s={search_term_string}"},"query-input":{"@type":"PropertyValueSpecification","valueRequired":true,"valueName":"search_term_string"}}],"inLanguage":"es"},{"@type":"Organization","@id":"https:\/\/cuadernosvioletas.cjex.org\/#organization","name":"Consejo de la Juventud de Extremadura - CJEx","url":"https:\/\/cuadernosvioletas.cjex.org\/","logo":{"@type":"ImageObject","inLanguage":"es","@id":"https:\/\/cuadernosvioletas.cjex.org\/#\/schema\/logo\/image\/","url":"https:\/\/cuadernosvioletas.cjex.org\/wp-content\/uploads\/2016\/10\/logo-cjex-300x250.png","contentUrl":"https:\/\/cuadernosvioletas.cjex.org\/wp-content\/uploads\/2016\/10\/logo-cjex-300x250.png","width":300,"height":265,"caption":"Consejo de la Juventud de Extremadura - CJEx"},"image":{"@id":"https:\/\/cuadernosvioletas.cjex.org\/#\/schema\/logo\/image\/"},"sameAs":["https:\/\/www.facebook.com\/consejo.juventudextremadura","https:\/\/x.com\/_cjex_","https:\/\/www.instagram.com\/_cjex_\/","https:\/\/www.youtube.com\/channel\/UCwr3bP9ZbduuRLL8EftcWwA"]},{"@type":"Person","@id":"https:\/\/cuadernosvioletas.cjex.org\/#\/schema\/person\/e071e1a06c8ea8d4a5461748eefe6e93","name":"CJEx.","image":{"@type":"ImageObject","inLanguage":"es","@id":"https:\/\/secure.gravatar.com\/avatar\/5a7e7d3c02bbd63a22b49798561a1b430531f379186547102f0325dd3f7c526c?s=96&d=mm&r=g","url":"https:\/\/secure.gravatar.com\/avatar\/5a7e7d3c02bbd63a22b49798561a1b430531f379186547102f0325dd3f7c526c?s=96&d=mm&r=g","contentUrl":"https:\/\/secure.gravatar.com\/avatar\/5a7e7d3c02bbd63a22b49798561a1b430531f379186547102f0325dd3f7c526c?s=96&d=mm&r=g","caption":"CJEx."}}]}},"_links":{"self":[{"href":"https:\/\/cuadernosvioletas.cjex.org\/index.php\/wp-json\/wp\/v2\/posts\/861","targetHints":{"allow":["GET"]}}],"collection":[{"href":"https:\/\/cuadernosvioletas.cjex.org\/index.php\/wp-json\/wp\/v2\/posts"}],"about":[{"href":"https:\/\/cuadernosvioletas.cjex.org\/index.php\/wp-json\/wp\/v2\/types\/post"}],"author":[{"embeddable":true,"href":"https:\/\/cuadernosvioletas.cjex.org\/index.php\/wp-json\/wp\/v2\/users\/3"}],"replies":[{"embeddable":true,"href":"https:\/\/cuadernosvioletas.cjex.org\/index.php\/wp-json\/wp\/v2\/comments?post=861"}],"version-history":[{"count":2,"href":"https:\/\/cuadernosvioletas.cjex.org\/index.php\/wp-json\/wp\/v2\/posts\/861\/revisions"}],"predecessor-version":[{"id":891,"href":"https:\/\/cuadernosvioletas.cjex.org\/index.php\/wp-json\/wp\/v2\/posts\/861\/revisions\/891"}],"wp:attachment":[{"href":"https:\/\/cuadernosvioletas.cjex.org\/index.php\/wp-json\/wp\/v2\/media?parent=861"}],"wp:term":[{"taxonomy":"category","embeddable":true,"href":"https:\/\/cuadernosvioletas.cjex.org\/index.php\/wp-json\/wp\/v2\/categories?post=861"},{"taxonomy":"post_tag","embeddable":true,"href":"https:\/\/cuadernosvioletas.cjex.org\/index.php\/wp-json\/wp\/v2\/tags?post=861"}],"curies":[{"name":"wp","href":"https:\/\/api.w.org\/{rel}","templated":true}]}}