{"id":766,"date":"2017-02-23T18:31:58","date_gmt":"2017-02-23T17:31:58","guid":{"rendered":"http:\/\/cuadernosvioletas.cjex.org\/?p=766"},"modified":"2017-02-23T18:31:58","modified_gmt":"2017-02-23T17:31:58","slug":"no-216","status":"publish","type":"post","link":"https:\/\/cuadernosvioletas.cjex.org\/index.php\/2017\/02\/23\/no-216\/","title":{"rendered":"N\u00ba 216"},"content":{"rendered":"<p>Soy una mujer extreme\u00f1a que ya ha pasado lo suyo con los malo tratos. Tengo 48 a\u00f1os y he sufrido malos tratos por parte de mi padre y mi ex marido. Mi padre trabajaba en las carreteras de Badajoz, de pe\u00f3n. Somos cuatro hermanos, yo la m\u00e1s peque\u00f1a. Mi padre ten\u00eda que ir donde le destinaban, por el trabajo, as\u00ed que viv\u00ed un mont\u00f3n de traslados. Mi padre llevaba fatal que yo suspendiera y sol\u00eda suspender tres asignaturas: matem\u00e1ticas, ciencias sociales y ciencias naturales. Repet\u00ed 5\u00ba de EGB. S\u00f3lo le ense\u00f1\u00e9 una vez las notas a mi padre. Cogi\u00f3 la correa y ech\u00f3 a correr detr\u00e1s m\u00edo para darme de correazos. Ese fue el inicio. Con la comida hac\u00eda lo mismo, y yo empec\u00e9 a cogerle verdadero miedo. Pas\u00e9 hasta 7\u00ba de EGB, y lo dej\u00e9 suspenso, porque no pod\u00eda repetir m\u00e1s. Mi padre me dijo que si yo quer\u00eda seguir estudiando pod\u00eda hacerlo en maestr\u00eda (Formaci\u00f3n Profesional). Cog\u00ed la rama de peluquer\u00eda, pero suspend\u00ed todas porque no me gustaba. Al a\u00f1o siguiente comprend\u00ed lo que realmente quer\u00eda hacer: puericultura. Pero eso a mi padre no le hac\u00eda ni la m\u00e1s m\u00ednima gracia.<\/p>\n<p>Cierto d\u00eda le dije a mi madre que si pod\u00eda echar para pedir informaci\u00f3n para el curso, y me dio permiso. Sal\u00edamos de viaje hacia el pueblo de mi madre y ese mismo d\u00eda se present\u00f3 un hombre para darme la informaci\u00f3n. Mi padre se puso hecho una furia e impidi\u00f3 que hiciera el curso. Yo estaba hecha un mar de l\u00e1grimas, pues me hac\u00eda ilusi\u00f3n hacerlo. \u00c9l me oblig\u00f3 a apuntarme a corte y confecci\u00f3n, lo cual odiaba.\u00a0Durante todos estos a\u00f1os sufr\u00ed con mi padre malos tratos f\u00edsicos y psicol\u00f3gicos. Cuando no cog\u00eda la correa, cog\u00eda la goma para pegarme.<\/p>\n<p>Con 15 a\u00f1os ten\u00eda en un barrio unos buenos vecinos con los que poder jugar, pero mi padre siempre estaba en medio para que no jugara con ellos. As\u00ed que yo le dec\u00eda a mi madre que me iba con mi amiga Maribel, y all\u00ed en su calle pod\u00eda ser la ni\u00f1a que yo quer\u00eda ser. Hice un grupo de amigas con las que salir de paseo. Con esa edad me confirm\u00e9, en verano. El grupo de confirmaci\u00f3n quer\u00eda celebrarlo en la piscina. Mi padre, cuando se lo dije, mont\u00f3 en c\u00f3lera y se neg\u00f3. Me refugi\u00e9 en mi madre, llorando, la cual me dio permiso para ir a la piscina. Por aqu\u00e9l entonces incluso me planteaba acabar con mi vida.<\/p>\n<p>A los 18 a\u00f1os conoc\u00ed en un PUB al que ser\u00eda el padre de mi hija. Por aqu\u00e9l entonces s\u00f3lo deseaba casarme y salir de casa de mi padre, y tener a un hombre que me defendiera de \u00e9l. Pero me equivoqu\u00e9. Ten\u00eda 20 a\u00f1os cuando me qued\u00e9 embarazada, y tuve que cont\u00e1rselo yo sola a mis padres. Mi madre se ech\u00f3 a llorar y mi padre me llam\u00f3 de todo, hasta puta. Del p\u00e1nico que le cog\u00ed ese d\u00eda no me atrev\u00ed a salir de mi habitaci\u00f3n. Al d\u00eda siguiente mi padre empez\u00f3 a preparar la boda, antes de que se me notara el embarazo.<\/p>\n<p>Los primeros d\u00edas tras la boda fueron buenos, pero al tercer mes de gestaci\u00f3n tuve una amenaza de aborto, por lo que los m\u00e9dicos me recomendaron que guardara reposo absoluto. Nos fuimos a casa de mis padres, para que mi madre cuidara de m\u00ed. Un d\u00eda el gato de mis padres, al que adoraba, se meti\u00f3 en la cama conmigo. Eso enfureci\u00f3 a mi ex marido. Y se enfureci\u00f3 a\u00fan m\u00e1s cuando mi padre le dio unos consejos para trabajar. As\u00ed que me oblig\u00f3 a levantarme de la mesa, sin terminar de comer, y nos fuimos casa de su madre. Me apart\u00f3 no s\u00f3lo de mi familia, sino tambi\u00e9n de mis amigos, amenaz\u00e1ndome que si ten\u00eda contacto con ellos me dejar\u00eda.<\/p>\n<p>Tras el nacimiento de mi hija tuve que guardar reposo. Al principio se hac\u00eda cargo de los cuidados mi madre. Cuando me puse mejor tuve que encargarme del cuidado de mi hija, por entero. De \u00e9l no obtuve ninguna ayuda. Adem\u00e1s, no me dejaba sacarla de paseo, diciendo que no quer\u00eda que la hija fuera tan callejera como la madre.<\/p>\n<p>Tambi\u00e9n hab\u00eda enfrentamientos entre mi ex marido y su madre, por lo que nos fuimos a un piso lejos de ella. No fue bien la cosa, por sus celos. \u00c9l dec\u00eda que no me quer\u00eda, y sus celos iban cada vez a m\u00e1s. Las discusiones cada vez eran mayores. \u00c9l era alcoh\u00f3lico y beb\u00eda dentro y fuera de casa. Mientras, no ten\u00edamos ni para comer. De mi familia no quer\u00eda saber nada, as\u00ed que como mis padres conoc\u00edan al p\u00e1rroco le daban a \u00e9l ropa para mi hija, y el p\u00e1rroco nos ten\u00eda que decir que era de C\u00e1ritas.<\/p>\n<p>Cuando la ni\u00f1a entr\u00f3 al colegio con 4 a\u00f1os yo me separ\u00e9 por primera vez de mi ex marido, y como no ten\u00eda d\u00f3nde ir volv\u00ed a casa de mis padres. Estuve con ellos hasta que mi hija hizo la primera comuni\u00f3n. Sin embargo, los enfrentamientos con mi padre continuaron, hasta tal punto que yo com\u00eda en una zona de la casa a parte. Por aqu\u00e9l entonces sali\u00f3 un curso de ayuda a domicilio, de 9 meses en horario de ma\u00f1ana, y me apunt\u00e9. Al principio todo fue bien, pero llegando casi el final del curso mi padre estaba tan cabreado que me insist\u00eda en que dejara el curso o nos las ver\u00edamos.<\/p>\n<p>Me encontr\u00e9 un d\u00eda al padre de mi hija, que me insisti\u00f3 en volver con \u00e9l. Las cosas estaban tan mal en casa que, un d\u00eda que no estaban mis padres hice la maleta y me fui con mi ex marido. Al final me devolvi\u00f3 a casa. Mi padre estaba tan enfadado que me quit\u00f3 las llaves y a mi hija, y me ech\u00f3 de casa. Viv\u00ed en un piso compartido durante 3 a\u00f1os, con un grupo de ecuatorianos. Uno de ellos fue el que me anim\u00f3 a recuperar el contacto con mi madre y mi hija, de momento los fines de semana, luego tambi\u00e9n vacaciones, hasta que pregunt\u00e9 a mi hija si quer\u00eda volver a vivir conmigo. Poco despu\u00e9s conoc\u00ed a mi actual pareja y me fui a vivir con \u00e9l.<\/p>\n<p>Mi padre falleci\u00f3 unos a\u00f1os despu\u00e9s, de c\u00e1ncer, y tras su muerte pude volver a hablar diariamente con mi madre. Mi recuerdo de \u00e9l es que es un mal padre. S\u00f3lo puedo recordar sus palizas, amenazas, sus castigos, su obsesi\u00f3n con que yo me hiciera costurera (me obligaba a coser todos los d\u00edas dos o tres horas). En cuanto a mi ex marido tampoco tengo buenos recuerdos de \u00e9l. Creo que llegu\u00e9 a quererle alguna vez, al principio, cuando me deslumbr\u00f3 su seguridad. Pero cuando me apart\u00f3 de mi madre y mi mejor amiga todo se derrumb\u00f3 a mi alrededor. Al principio, cunado estaba con \u00e9l, no deseaba la separaci\u00f3n. Era una relaci\u00f3n muy t\u00f3xica, lo reconozco. Pero ahora s\u00f3lo recuerdo sus borracheras, sus voces, sus broncas, el estar acostado desde la madrugada hasta bien entrada la tarde, el no molestarse en buscar un trabajo. Tambi\u00e9n recuerdo que cuando ven\u00eda bebido me obligaba a mantener relaciones sexuales, cosa que yo odiaba. Para m\u00ed eso era una violaci\u00f3n, aunque est\u00e9 dentro del matrimonio.<\/p>\n<p>Hoy d\u00eda estoy m\u00e1s serena. De \u00e9l no he vuelto a saber nada, ni quiero saber. Vivo feliz con mi pareja y mi hija, y escapo al pueblo cuando puedo, para ver a mi madre. Espero que mi historia le pueda servir a muchas, y que ante la primera bofetada denuncien. En mis tiempos no pude hacer nada de eso, porque no estaba tan al d\u00eda de los malos tratos y no sab\u00eda d\u00f3nde ir. Pero que no se queden en casa y no tengan miedo, que de eso se nutren ellos: del miedo que nosotras les tenemos. Al miedo se le vence haci\u00e9ndole frente. As\u00ed lo hice yo, y lo super\u00e9.<\/p>\n<p><strong>48 a\u00f1os.<\/strong><\/p>\n","protected":false},"excerpt":{"rendered":"<p>Soy una mujer extreme\u00f1a que ya ha pasado lo suyo con los malo tratos. Tengo 48 a\u00f1os y he sufrido malos tratos por parte de mi padre y mi ex marido. Mi padre trabajaba en las carreteras de Badajoz, de pe\u00f3n. Somos cuatro hermanos, yo la m\u00e1s peque\u00f1a. Mi padre ten\u00eda que ir donde le [&hellip;]<\/p>\n","protected":false},"author":3,"featured_media":0,"comment_status":"open","ping_status":"closed","sticky":false,"template":"","format":"standard","meta":{"footnotes":""},"categories":[4],"tags":[80,44,22,135,138,61,136,58,137,56,105],"class_list":{"0":"post-766","1":"post","2":"type-post","3":"status-publish","4":"format-standard","6":"category-testimonios","7":"tag-80","8":"tag-44","9":"tag-22","10":"tag-135","11":"tag-alcoholismo","12":"tag-control","13":"tag-fisica","14":"tag-pareja","15":"tag-psiquica","16":"tag-violencia","17":"tag-violencia-de-genero","18":"entry"},"yoast_head":"<!-- This site is optimized with the Yoast SEO plugin v27.5 - https:\/\/yoast.com\/product\/yoast-seo-wordpress\/ -->\n<title>N\u00ba 216 - Cuadernos Violetas<\/title>\n<meta name=\"description\" content=\"La iniciativa \u201cCuadernos Violetas\u201d la pone en marcha el Grupo de Trabajo Mujer Joven, del Consejo de la Juventud de Extremadura, tras darse cuenta de la falta de visibilidad que toman distintos tipos de violencia contra la mujer.\" \/>\n<meta name=\"robots\" content=\"index, follow, max-snippet:-1, max-image-preview:large, max-video-preview:-1\" \/>\n<link rel=\"canonical\" href=\"https:\/\/cuadernosvioletas.cjex.org\/index.php\/2017\/02\/23\/no-216\/\" \/>\n<meta property=\"og:locale\" content=\"es_ES\" \/>\n<meta property=\"og:type\" content=\"article\" \/>\n<meta property=\"og:title\" content=\"N\u00ba 216 - Cuadernos Violetas\" \/>\n<meta property=\"og:description\" content=\"La iniciativa \u201cCuadernos Violetas\u201d la pone en marcha el Grupo de Trabajo Mujer Joven, del Consejo de la Juventud de Extremadura, tras darse cuenta de la falta de visibilidad que toman distintos tipos de violencia contra la mujer.\" \/>\n<meta property=\"og:url\" content=\"https:\/\/cuadernosvioletas.cjex.org\/index.php\/2017\/02\/23\/no-216\/\" \/>\n<meta property=\"og:site_name\" content=\"Cuadernos Violetas\" \/>\n<meta property=\"article:publisher\" content=\"https:\/\/www.facebook.com\/consejo.juventudextremadura\" \/>\n<meta property=\"article:published_time\" content=\"2017-02-23T17:31:58+00:00\" \/>\n<meta name=\"author\" content=\"CJEx.\" \/>\n<meta name=\"twitter:card\" content=\"summary_large_image\" \/>\n<meta name=\"twitter:creator\" content=\"@_cjex_\" \/>\n<meta name=\"twitter:site\" content=\"@_cjex_\" \/>\n<meta name=\"twitter:label1\" content=\"Escrito por\" \/>\n\t<meta name=\"twitter:data1\" content=\"CJEx.\" \/>\n\t<meta name=\"twitter:label2\" content=\"Tiempo de lectura\" \/>\n\t<meta name=\"twitter:data2\" content=\"7 minutos\" \/>\n<script type=\"application\/ld+json\" class=\"yoast-schema-graph\">{\"@context\":\"https:\\\/\\\/schema.org\",\"@graph\":[{\"@type\":\"Article\",\"@id\":\"https:\\\/\\\/cuadernosvioletas.cjex.org\\\/index.php\\\/2017\\\/02\\\/23\\\/no-216\\\/#article\",\"isPartOf\":{\"@id\":\"https:\\\/\\\/cuadernosvioletas.cjex.org\\\/index.php\\\/2017\\\/02\\\/23\\\/no-216\\\/\"},\"author\":{\"name\":\"CJEx.\",\"@id\":\"https:\\\/\\\/cuadernosvioletas.cjex.org\\\/#\\\/schema\\\/person\\\/e071e1a06c8ea8d4a5461748eefe6e93\"},\"headline\":\"N\u00ba 216\",\"datePublished\":\"2017-02-23T17:31:58+00:00\",\"mainEntityOfPage\":{\"@id\":\"https:\\\/\\\/cuadernosvioletas.cjex.org\\\/index.php\\\/2017\\\/02\\\/23\\\/no-216\\\/\"},\"wordCount\":1449,\"commentCount\":0,\"publisher\":{\"@id\":\"https:\\\/\\\/cuadernosvioletas.cjex.org\\\/#organization\"},\"keywords\":[\"15\",\"18\",\"20\",\"48\",\"alcoholismo\",\"control\",\"f\u00edsica\",\"pareja\",\"ps\u00edquica\",\"violencia\",\"violencia de g\u00e9nero\"],\"articleSection\":[\"Testimonios\"],\"inLanguage\":\"es\",\"potentialAction\":[{\"@type\":\"CommentAction\",\"name\":\"Comment\",\"target\":[\"https:\\\/\\\/cuadernosvioletas.cjex.org\\\/index.php\\\/2017\\\/02\\\/23\\\/no-216\\\/#respond\"]}]},{\"@type\":\"WebPage\",\"@id\":\"https:\\\/\\\/cuadernosvioletas.cjex.org\\\/index.php\\\/2017\\\/02\\\/23\\\/no-216\\\/\",\"url\":\"https:\\\/\\\/cuadernosvioletas.cjex.org\\\/index.php\\\/2017\\\/02\\\/23\\\/no-216\\\/\",\"name\":\"N\u00ba 216 - Cuadernos Violetas\",\"isPartOf\":{\"@id\":\"https:\\\/\\\/cuadernosvioletas.cjex.org\\\/#website\"},\"datePublished\":\"2017-02-23T17:31:58+00:00\",\"description\":\"La iniciativa \u201cCuadernos Violetas\u201d la pone en marcha el Grupo de Trabajo Mujer Joven, del Consejo de la Juventud de Extremadura, tras darse cuenta de la falta de visibilidad que toman distintos tipos de violencia contra la mujer.\",\"breadcrumb\":{\"@id\":\"https:\\\/\\\/cuadernosvioletas.cjex.org\\\/index.php\\\/2017\\\/02\\\/23\\\/no-216\\\/#breadcrumb\"},\"inLanguage\":\"es\",\"potentialAction\":[{\"@type\":\"ReadAction\",\"target\":[\"https:\\\/\\\/cuadernosvioletas.cjex.org\\\/index.php\\\/2017\\\/02\\\/23\\\/no-216\\\/\"]}]},{\"@type\":\"BreadcrumbList\",\"@id\":\"https:\\\/\\\/cuadernosvioletas.cjex.org\\\/index.php\\\/2017\\\/02\\\/23\\\/no-216\\\/#breadcrumb\",\"itemListElement\":[{\"@type\":\"ListItem\",\"position\":1,\"name\":\"Portada\",\"item\":\"https:\\\/\\\/cuadernosvioletas.cjex.org\\\/\"},{\"@type\":\"ListItem\",\"position\":2,\"name\":\"N\u00ba 216\"}]},{\"@type\":\"WebSite\",\"@id\":\"https:\\\/\\\/cuadernosvioletas.cjex.org\\\/#website\",\"url\":\"https:\\\/\\\/cuadernosvioletas.cjex.org\\\/\",\"name\":\"Cuadernos Violetas\",\"description\":\"El Grupo de Trabajo Mujer Joven del Consejo de la Juventud de Extremadura inicia el 8 de marzo, con motivo del D\u00eda Internacional de la Mujer, una campa\u00f1a para visibilizar las formas ocultas de violencia sobre la mujer. El proyecto culminar\u00e1 el 25 de noviembre, D\u00eda Internacional contra la violencia de g\u00e9nero. El proyecto consiste en recopilar en unas libretas espec\u00edficas aquellas circunstancias de acoso o de fases incipientes de violencia de g\u00e9nero sufridas por las extreme\u00f1as.\",\"publisher\":{\"@id\":\"https:\\\/\\\/cuadernosvioletas.cjex.org\\\/#organization\"},\"potentialAction\":[{\"@type\":\"SearchAction\",\"target\":{\"@type\":\"EntryPoint\",\"urlTemplate\":\"https:\\\/\\\/cuadernosvioletas.cjex.org\\\/?s={search_term_string}\"},\"query-input\":{\"@type\":\"PropertyValueSpecification\",\"valueRequired\":true,\"valueName\":\"search_term_string\"}}],\"inLanguage\":\"es\"},{\"@type\":\"Organization\",\"@id\":\"https:\\\/\\\/cuadernosvioletas.cjex.org\\\/#organization\",\"name\":\"Consejo de la Juventud de Extremadura - CJEx\",\"url\":\"https:\\\/\\\/cuadernosvioletas.cjex.org\\\/\",\"logo\":{\"@type\":\"ImageObject\",\"inLanguage\":\"es\",\"@id\":\"https:\\\/\\\/cuadernosvioletas.cjex.org\\\/#\\\/schema\\\/logo\\\/image\\\/\",\"url\":\"https:\\\/\\\/cuadernosvioletas.cjex.org\\\/wp-content\\\/uploads\\\/2016\\\/10\\\/logo-cjex-300x250.png\",\"contentUrl\":\"https:\\\/\\\/cuadernosvioletas.cjex.org\\\/wp-content\\\/uploads\\\/2016\\\/10\\\/logo-cjex-300x250.png\",\"width\":300,\"height\":265,\"caption\":\"Consejo de la Juventud de Extremadura - CJEx\"},\"image\":{\"@id\":\"https:\\\/\\\/cuadernosvioletas.cjex.org\\\/#\\\/schema\\\/logo\\\/image\\\/\"},\"sameAs\":[\"https:\\\/\\\/www.facebook.com\\\/consejo.juventudextremadura\",\"https:\\\/\\\/x.com\\\/_cjex_\",\"https:\\\/\\\/www.instagram.com\\\/_cjex_\\\/\",\"https:\\\/\\\/www.youtube.com\\\/channel\\\/UCwr3bP9ZbduuRLL8EftcWwA\"]},{\"@type\":\"Person\",\"@id\":\"https:\\\/\\\/cuadernosvioletas.cjex.org\\\/#\\\/schema\\\/person\\\/e071e1a06c8ea8d4a5461748eefe6e93\",\"name\":\"CJEx.\",\"image\":{\"@type\":\"ImageObject\",\"inLanguage\":\"es\",\"@id\":\"https:\\\/\\\/secure.gravatar.com\\\/avatar\\\/5a7e7d3c02bbd63a22b49798561a1b430531f379186547102f0325dd3f7c526c?s=96&d=mm&r=g\",\"url\":\"https:\\\/\\\/secure.gravatar.com\\\/avatar\\\/5a7e7d3c02bbd63a22b49798561a1b430531f379186547102f0325dd3f7c526c?s=96&d=mm&r=g\",\"contentUrl\":\"https:\\\/\\\/secure.gravatar.com\\\/avatar\\\/5a7e7d3c02bbd63a22b49798561a1b430531f379186547102f0325dd3f7c526c?s=96&d=mm&r=g\",\"caption\":\"CJEx.\"}}]}<\/script>\n<!-- \/ Yoast SEO plugin. -->","yoast_head_json":{"title":"N\u00ba 216 - Cuadernos Violetas","description":"La iniciativa \u201cCuadernos Violetas\u201d la pone en marcha el Grupo de Trabajo Mujer Joven, del Consejo de la Juventud de Extremadura, tras darse cuenta de la falta de visibilidad que toman distintos tipos de violencia contra la mujer.","robots":{"index":"index","follow":"follow","max-snippet":"max-snippet:-1","max-image-preview":"max-image-preview:large","max-video-preview":"max-video-preview:-1"},"canonical":"https:\/\/cuadernosvioletas.cjex.org\/index.php\/2017\/02\/23\/no-216\/","og_locale":"es_ES","og_type":"article","og_title":"N\u00ba 216 - Cuadernos Violetas","og_description":"La iniciativa \u201cCuadernos Violetas\u201d la pone en marcha el Grupo de Trabajo Mujer Joven, del Consejo de la Juventud de Extremadura, tras darse cuenta de la falta de visibilidad que toman distintos tipos de violencia contra la mujer.","og_url":"https:\/\/cuadernosvioletas.cjex.org\/index.php\/2017\/02\/23\/no-216\/","og_site_name":"Cuadernos Violetas","article_publisher":"https:\/\/www.facebook.com\/consejo.juventudextremadura","article_published_time":"2017-02-23T17:31:58+00:00","author":"CJEx.","twitter_card":"summary_large_image","twitter_creator":"@_cjex_","twitter_site":"@_cjex_","twitter_misc":{"Escrito por":"CJEx.","Tiempo de lectura":"7 minutos"},"schema":{"@context":"https:\/\/schema.org","@graph":[{"@type":"Article","@id":"https:\/\/cuadernosvioletas.cjex.org\/index.php\/2017\/02\/23\/no-216\/#article","isPartOf":{"@id":"https:\/\/cuadernosvioletas.cjex.org\/index.php\/2017\/02\/23\/no-216\/"},"author":{"name":"CJEx.","@id":"https:\/\/cuadernosvioletas.cjex.org\/#\/schema\/person\/e071e1a06c8ea8d4a5461748eefe6e93"},"headline":"N\u00ba 216","datePublished":"2017-02-23T17:31:58+00:00","mainEntityOfPage":{"@id":"https:\/\/cuadernosvioletas.cjex.org\/index.php\/2017\/02\/23\/no-216\/"},"wordCount":1449,"commentCount":0,"publisher":{"@id":"https:\/\/cuadernosvioletas.cjex.org\/#organization"},"keywords":["15","18","20","48","alcoholismo","control","f\u00edsica","pareja","ps\u00edquica","violencia","violencia de g\u00e9nero"],"articleSection":["Testimonios"],"inLanguage":"es","potentialAction":[{"@type":"CommentAction","name":"Comment","target":["https:\/\/cuadernosvioletas.cjex.org\/index.php\/2017\/02\/23\/no-216\/#respond"]}]},{"@type":"WebPage","@id":"https:\/\/cuadernosvioletas.cjex.org\/index.php\/2017\/02\/23\/no-216\/","url":"https:\/\/cuadernosvioletas.cjex.org\/index.php\/2017\/02\/23\/no-216\/","name":"N\u00ba 216 - Cuadernos Violetas","isPartOf":{"@id":"https:\/\/cuadernosvioletas.cjex.org\/#website"},"datePublished":"2017-02-23T17:31:58+00:00","description":"La iniciativa \u201cCuadernos Violetas\u201d la pone en marcha el Grupo de Trabajo Mujer Joven, del Consejo de la Juventud de Extremadura, tras darse cuenta de la falta de visibilidad que toman distintos tipos de violencia contra la mujer.","breadcrumb":{"@id":"https:\/\/cuadernosvioletas.cjex.org\/index.php\/2017\/02\/23\/no-216\/#breadcrumb"},"inLanguage":"es","potentialAction":[{"@type":"ReadAction","target":["https:\/\/cuadernosvioletas.cjex.org\/index.php\/2017\/02\/23\/no-216\/"]}]},{"@type":"BreadcrumbList","@id":"https:\/\/cuadernosvioletas.cjex.org\/index.php\/2017\/02\/23\/no-216\/#breadcrumb","itemListElement":[{"@type":"ListItem","position":1,"name":"Portada","item":"https:\/\/cuadernosvioletas.cjex.org\/"},{"@type":"ListItem","position":2,"name":"N\u00ba 216"}]},{"@type":"WebSite","@id":"https:\/\/cuadernosvioletas.cjex.org\/#website","url":"https:\/\/cuadernosvioletas.cjex.org\/","name":"Cuadernos Violetas","description":"El Grupo de Trabajo Mujer Joven del Consejo de la Juventud de Extremadura inicia el 8 de marzo, con motivo del D\u00eda Internacional de la Mujer, una campa\u00f1a para visibilizar las formas ocultas de violencia sobre la mujer. El proyecto culminar\u00e1 el 25 de noviembre, D\u00eda Internacional contra la violencia de g\u00e9nero. El proyecto consiste en recopilar en unas libretas espec\u00edficas aquellas circunstancias de acoso o de fases incipientes de violencia de g\u00e9nero sufridas por las extreme\u00f1as.","publisher":{"@id":"https:\/\/cuadernosvioletas.cjex.org\/#organization"},"potentialAction":[{"@type":"SearchAction","target":{"@type":"EntryPoint","urlTemplate":"https:\/\/cuadernosvioletas.cjex.org\/?s={search_term_string}"},"query-input":{"@type":"PropertyValueSpecification","valueRequired":true,"valueName":"search_term_string"}}],"inLanguage":"es"},{"@type":"Organization","@id":"https:\/\/cuadernosvioletas.cjex.org\/#organization","name":"Consejo de la Juventud de Extremadura - CJEx","url":"https:\/\/cuadernosvioletas.cjex.org\/","logo":{"@type":"ImageObject","inLanguage":"es","@id":"https:\/\/cuadernosvioletas.cjex.org\/#\/schema\/logo\/image\/","url":"https:\/\/cuadernosvioletas.cjex.org\/wp-content\/uploads\/2016\/10\/logo-cjex-300x250.png","contentUrl":"https:\/\/cuadernosvioletas.cjex.org\/wp-content\/uploads\/2016\/10\/logo-cjex-300x250.png","width":300,"height":265,"caption":"Consejo de la Juventud de Extremadura - CJEx"},"image":{"@id":"https:\/\/cuadernosvioletas.cjex.org\/#\/schema\/logo\/image\/"},"sameAs":["https:\/\/www.facebook.com\/consejo.juventudextremadura","https:\/\/x.com\/_cjex_","https:\/\/www.instagram.com\/_cjex_\/","https:\/\/www.youtube.com\/channel\/UCwr3bP9ZbduuRLL8EftcWwA"]},{"@type":"Person","@id":"https:\/\/cuadernosvioletas.cjex.org\/#\/schema\/person\/e071e1a06c8ea8d4a5461748eefe6e93","name":"CJEx.","image":{"@type":"ImageObject","inLanguage":"es","@id":"https:\/\/secure.gravatar.com\/avatar\/5a7e7d3c02bbd63a22b49798561a1b430531f379186547102f0325dd3f7c526c?s=96&d=mm&r=g","url":"https:\/\/secure.gravatar.com\/avatar\/5a7e7d3c02bbd63a22b49798561a1b430531f379186547102f0325dd3f7c526c?s=96&d=mm&r=g","contentUrl":"https:\/\/secure.gravatar.com\/avatar\/5a7e7d3c02bbd63a22b49798561a1b430531f379186547102f0325dd3f7c526c?s=96&d=mm&r=g","caption":"CJEx."}}]}},"_links":{"self":[{"href":"https:\/\/cuadernosvioletas.cjex.org\/index.php\/wp-json\/wp\/v2\/posts\/766","targetHints":{"allow":["GET"]}}],"collection":[{"href":"https:\/\/cuadernosvioletas.cjex.org\/index.php\/wp-json\/wp\/v2\/posts"}],"about":[{"href":"https:\/\/cuadernosvioletas.cjex.org\/index.php\/wp-json\/wp\/v2\/types\/post"}],"author":[{"embeddable":true,"href":"https:\/\/cuadernosvioletas.cjex.org\/index.php\/wp-json\/wp\/v2\/users\/3"}],"replies":[{"embeddable":true,"href":"https:\/\/cuadernosvioletas.cjex.org\/index.php\/wp-json\/wp\/v2\/comments?post=766"}],"version-history":[{"count":1,"href":"https:\/\/cuadernosvioletas.cjex.org\/index.php\/wp-json\/wp\/v2\/posts\/766\/revisions"}],"predecessor-version":[{"id":767,"href":"https:\/\/cuadernosvioletas.cjex.org\/index.php\/wp-json\/wp\/v2\/posts\/766\/revisions\/767"}],"wp:attachment":[{"href":"https:\/\/cuadernosvioletas.cjex.org\/index.php\/wp-json\/wp\/v2\/media?parent=766"}],"wp:term":[{"taxonomy":"category","embeddable":true,"href":"https:\/\/cuadernosvioletas.cjex.org\/index.php\/wp-json\/wp\/v2\/categories?post=766"},{"taxonomy":"post_tag","embeddable":true,"href":"https:\/\/cuadernosvioletas.cjex.org\/index.php\/wp-json\/wp\/v2\/tags?post=766"}],"curies":[{"name":"wp","href":"https:\/\/api.w.org\/{rel}","templated":true}]}}